{"id":57589,"date":"2020-09-21T07:21:00","date_gmt":"2020-09-21T05:21:00","guid":{"rendered":"https:\/\/goodwilloldsite.projectwebtec10.com\/nieuws\/een-belevingsgericht-interieur-voor-mensen-met-dementie-wat-is-dat\/"},"modified":"2024-04-03T15:25:03","modified_gmt":"2024-04-03T13:25:03","slug":"een-belevingsgericht-interieur-voor-mensen-met-dementie-wat-is-dat","status":"publish","type":"post","link":"https:\/\/goodwilloldsite.projectwebtec10.com\/be\/blog-be\/een-belevingsgericht-interieur-voor-mensen-met-dementie-wat-is-dat\/","title":{"rendered":"Een belevingsgericht interieur voor mensen met dementie, wat is dat?"},"content":{"rendered":"\n<h2 class=\"neutral wp-block-heading\">21 september 2020<\/h2>\n\n\n\n<h2 class=\"neutral wp-block-heading\"><em>\u201cJuist bij mensen met dementie is hun welbevinden heel belangrijk. Onbewust moet het goed voelen. Ook als ze dat zelf niet of niet meer kunnen benoemen. En hun omgeving is daar mede bepalend voor.\u201d <\/em>Jacqueline Vink ontwerpt belevingsgerichte interieurs voor mensen met dementie en legt uit wat dat is. <\/h2>\n\n\n\n<p><\/p>\n\n\n\n<p>Als er \u2018iets\u2019 is met zijn of haar leefwereld, dan kan iemand met een gezond brein dat benoemen en (laten) aanpassen. Of dat nu gaat om het uitgekeken zijn op een behangetje of een groter ongemak, ze kunnen er iets mee. Ze kunnen z\u00e9lf invloed uitoefenen op het gevoel van onbehagen. Bij iemand met een vorm van dementie lukt dit niet. Ongemakken in de leefwereld leiden bij hun tot prikkels waar ze zich geen raad mee weten. Ze kunnen het niet uiten, voelen zich verward en onveilig. De signalen die ze vervolgens geven worden niet altijd goed begrepen door mensen met een gezond brein.<\/p>\n\n\n<p><img loading=\"lazy\" decoding=\"async\" width=\"320\" height=\"220\" class=\"size-medium wp-image-47081 alignright\" alt=\"Jacqueline Vink aan het werk_goodwill.nl\" src=\"https:\/\/goodwilloldsite.projectwebtec10.com\/wp-content\/uploads\/1-22-320x220.jpg\" srcset=\"https:\/\/goodwilloldsite.projectwebtec10.com\/wp-content\/uploads\/1-22-320x220.jpg 320w, https:\/\/goodwilloldsite.projectwebtec10.com\/wp-content\/uploads\/1-22-160x110.jpg 160w, https:\/\/goodwilloldsite.projectwebtec10.com\/wp-content\/uploads\/1-22.jpg 600w\" sizes=\"auto, (max-width: 320px) 100vw, 320px\" \/><\/p>\n\n\n<p><\/p>\n\n\n\n<p><strong>Gedrag en omgeving<\/strong><br><em>\u201cBij mensen met dementie zijn zintuigen heel erg belangrijk\u201d<\/em>, zegt <a href=\"https:\/\/www.jacquelinevink.com\/\" target=\"_blank\" rel=\"noreferrer noopener\">Jacqueline Vink<\/a>. Al ruim 20 jaar werkt zij als interieurontwerper, waarvan bijna 10 jaar als zelfstandige. De laatste jaren wordt ze steeds vaker gevraagd om mee te werken aan projecten voor dementiezorg. Ze heeft verschillende studies gevolgd over dementie en omgevingspsychologie waarbij veel aandacht was voor de relatie gedrag en omgeving. &nbsp;\u201c<em>Het gevoel van veiligheid is heel belangrijk voor ieder mens, maar zeker voor mensen met dementie als ze net de overstap maken van thuis wonen naar een dementie zorgcentrum. De nieuwe woonomgeving moet vertrouwd en veilig voelen.\u201c <\/em>Jacqueline is dankbaar om voor deze kwetsbare doelgroep te mogen ontwerpen: <em>\u201cIk wil iets kunnen betekenen voor anderen. Ook in mijn werk. Iets kunnen betekenen voor kwetsbare mensen geeft mij zoveel voldoening. Ik vind het heel mooi dat ik dat mag doen.\u201d <\/em><\/p>\n\n\n<p><img loading=\"lazy\" decoding=\"async\" width=\"320\" height=\"220\" class=\"size-medium wp-image-47082 alignright\" alt=\"\" src=\"https:\/\/goodwilloldsite.projectwebtec10.com\/wp-content\/uploads\/3-18-320x220.jpg\" srcset=\"https:\/\/goodwilloldsite.projectwebtec10.com\/wp-content\/uploads\/3-18-320x220.jpg 320w, https:\/\/goodwilloldsite.projectwebtec10.com\/wp-content\/uploads\/3-18-160x110.jpg 160w, https:\/\/goodwilloldsite.projectwebtec10.com\/wp-content\/uploads\/3-18.jpg 600w\" sizes=\"auto, (max-width: 320px) 100vw, 320px\" \/><\/p>\n\n\n<p><strong><b>Gedrag observeren<\/b><\/strong><br>Wat hebben mensen met dementie nodig? <em>\u201cWij denken het wel te weten maar kunnen nog steeds niet in hun brein kijken. Wij bedenken dingen maar in de praktijk blijkt het anders uit te pakken. Dat komt omdat het individuen zijn met ieder een eigen verleden. De dementie is er in verschillende vormen en ontwikkelt zich bij iedereen anders en in een ander tempo. Daarom is het belangrijk om continue te observeren hoe mensen zich voelen, hoe ze zich gedragen, hoe ze reageren en waar hun behoefte ligt. Waar ze eerst baat bij hebben kan in een ander stadium heel anders voelen.\u201d<\/em> <\/p>\n\n\n\n<p><strong>Onbehagen voorkomen <\/strong><br>Het goed inrichten begint al in de bouwfase. Jacqueline kijkt graag dan al mee om te onderzoeken of de indeling van het gebouw logisch is voor bewoners met dementie. Hoe is de routing in het gebouw, kunnen bewoners zelf de weg vinden? Als ze gaan dwalen of verdwalen zorgt dat voor onrustige gevoelens bij de bewoner zelf en extra belasting bij de zorgverleners. Vooraf kijkt ze hoe het gevoel van onbehagen, door welke oorzaak dan ook, &nbsp;zoveel mogelijk voorkomen kan worden.<br><br>Algemene en gezamenlijke ruimtes worden door Jacqueline ingericht. Ze kijkt naar het doel van de ruimte en de wensen van de bewoners. Er wordt een sfeer gekozen en kleuren en materialen worden erbij gezocht. Daarbij wordt steeds gekeken naar de behoefte van de bewoners en daar wordt de omgeving op aangepast. De omgeving hoort onbewust prettig te zijn.<\/p>\n\n\n<p><img loading=\"lazy\" decoding=\"async\" width=\"320\" height=\"220\" class=\"size-medium wp-image-47083 alignright\" alt=\"\" src=\"https:\/\/goodwilloldsite.projectwebtec10.com\/wp-content\/uploads\/4-16-320x220.jpg\" srcset=\"https:\/\/goodwilloldsite.projectwebtec10.com\/wp-content\/uploads\/4-16-320x220.jpg 320w, https:\/\/goodwilloldsite.projectwebtec10.com\/wp-content\/uploads\/4-16-160x110.jpg 160w, https:\/\/goodwilloldsite.projectwebtec10.com\/wp-content\/uploads\/4-16.jpg 600w\" sizes=\"auto, (max-width: 320px) 100vw, 320px\" \/><\/p>\n\n\n<p><strong>Belevingsruimte<\/strong><br>Door gezamenlijke ruimtes in te richten als <strong><em>belevingsruimte <\/em><\/strong>kan er op \u00e9\u00e9n plek in het huis een hele andere sfeer gecre\u00eberd worden. Beleving is vooral gericht op de behoefte van mensen op dat bewuste moment en de samenstelling van de groep. Als voorbeeld noemt Jacqueline een groepje mannen met dementie dat graag biljart speelt. <em>\u201cStel daar is behoefte aan op een bepaald moment. Ze kunnen er samen of alleen biljarten en voelen zich daar goed bij. Het is vertrouwd. Maar naarmate de dementie vordert wordt het lastiger om de keu goed vast te houden of de spelregels worden vergeten. Of er komen andere bewoners die helemaal geen behoefte hebben aan een potje biljart! Dan moet het biljart plaats kunnen maken voor iets anders wat op d\u00e1t moment fijn is.&#8221; <\/em><\/p>\n\n\n\n<p><strong>Steeds opnieuw aanpassen aan behoeftes<\/strong><br>De belevingsruimtes dienen daarom flexibel te zijn. Makkelijk aan te passen aan de behoeftes van de bewoners. En rekening houdend met de steeds wisselende samenstelling van de groep. En dat is nog best een knelpunt. Bijvoorbeeld een ruimte met een bushalte of een oud bureau met typemachine is heel leuk. Maar als mensen nooit met een bus gereisd hebben doet dit niet zoveel met ze en kan het ook een averechts effect hebben. Het kost tijd om de mensen steeds opnieuw te leren kennen en ze te observeren. Zorgpersoneel heeft het al heel druk en moet telkens keuzes maken in wat ze doen. Extra personeel kost geld en sommige aanpassingen in de belevingsruimtes zijn erg kostbaar.<\/p>\n\n\n\n<p><strong>Prettig wonen met een veilig gevoel<\/strong><br>Voor de toekomst hoopt Jacqueline dat er meer tijd en budget komt om de behoeftes van de bewoners in <strong>dementie zorgcentra<\/strong> te bepalen, zowel van de hele groep als van de individu. En meebewegen: in de samenstelling van de groep, in het stadium van de dementie van de individuen. <em>\u201cDoor de omgeving zo goed mogelijk te laten aansluiten bij de behoeften van de bewoners kunnen mensen met dementie prettig wonen met een veilig gevoel. Met het ontwerpen van belevingsgerichte interieurs kan ik echt iets betekenen voor mensen om hun leven aangenamer te maken en dat is voor mij heel waardevol.\u201d<\/em><\/p>\n\n\n\n<p><strong>Bent u een maatschappelijk betrokken ondernemer? Laat het zien en doe mee met Goodwill<\/strong>. <strong>Sponsor Goodwill Days voor mensen met dementie en geef kleur aan de zorg!<\/strong><\/p>\n\n\n\n<p><\/p>\n\n\n\n<p><a class=\"btn btn-lg btn-warning\" href=\"https:\/\/goodwilloldsite.projectwebtec10.com\/be\/wordsponsor\/\" target=\"_blank\" rel=\"noopener noreferrer\">WORD SPONSOR<\/a><\/p>\n","protected":false},"excerpt":{"rendered":"<p>21 september 2020 \u201cJuist bij mensen met dementie is hun welbevinden heel belangrijk. Onbewust moet het goed voelen. Ook als ze dat zelf niet of niet meer kunnen benoemen. En hun omgeving is daar mede bepalend voor.\u201d Jacqueline [&hellip;]<\/p>\n","protected":false},"author":5,"featured_media":57302,"comment_status":"closed","ping_status":"closed","sticky":false,"template":"","format":"standard","meta":{"footnotes":""},"categories":[722],"tags":[866,765,747,810,858,835,867,868,869,782,870,871,786],"class_list":["post-57589","post","type-post","status-publish","format-standard","has-post-thumbnail","hentry","category-blog-be","tag-belevingsgericht-be","tag-blog-be","tag-dementie-be","tag-dementiezorg-be","tag-gedrag-be","tag-goeddoel-be","tag-interieurstyling-be","tag-jacqueline-vink-be","tag-omgeving-be","tag-ondernemer-be","tag-veiligheid-be","tag-zintuigen-be","tag-zorg-be"],"yoast_head":"<!-- This site is optimized with the Yoast SEO plugin v27.4 - https:\/\/yoast.com\/product\/yoast-seo-wordpress\/ -->\n<title>BLOG | Wat is een belevingsgericht interieur bij dementie<\/title>\n<meta name=\"description\" content=\"&quot;Door de omgeving zo goed mogelijk te laten aansluiten bij de behoeften van de bewoners kunnen mensen met dementie prettig wonen met een veilig gevoel.&quot; Jacqueline Vink ontwerpt belevingsgerichte interieurs voor mensen met dementie.\" \/>\n<meta name=\"robots\" content=\"noindex, follow, max-snippet:-1, max-image-preview:large, max-video-preview:-1\" \/>\n<meta property=\"og:locale\" content=\"nl_BE\" \/>\n<meta property=\"og:type\" content=\"article\" \/>\n<meta property=\"og:title\" content=\"BLOG | Wat is een belevingsgericht interieur bij dementie\" \/>\n<meta property=\"og:description\" content=\"&quot;Door de omgeving zo goed mogelijk te laten aansluiten bij de behoeften van de bewoners kunnen mensen met dementie prettig wonen met een veilig gevoel.&quot; Jacqueline Vink ontwerpt belevingsgerichte interieurs voor mensen met dementie.\" \/>\n<meta property=\"og:url\" content=\"https:\/\/goodwilloldsite.projectwebtec10.com\/be\/blog-be\/een-belevingsgericht-interieur-voor-mensen-met-dementie-wat-is-dat\/\" \/>\n<meta property=\"og:site_name\" content=\"Goodwill\" \/>\n<meta property=\"article:publisher\" content=\"https:\/\/www.facebook.com\/goodwill.nl\/\" \/>\n<meta property=\"article:published_time\" content=\"2020-09-21T05:21:00+00:00\" \/>\n<meta property=\"article:modified_time\" content=\"2024-04-03T13:25:03+00:00\" \/>\n<meta property=\"og:image\" content=\"https:\/\/goodwilloldsite.projectwebtec10.com\/wp-content\/uploads\/1-22.jpg\" \/>\n\t<meta property=\"og:image:width\" content=\"600\" \/>\n\t<meta property=\"og:image:height\" content=\"413\" \/>\n\t<meta property=\"og:image:type\" content=\"image\/jpeg\" \/>\n<meta name=\"author\" content=\"Jenneken Hiddink\" \/>\n<meta name=\"twitter:card\" content=\"summary_large_image\" \/>\n<meta name=\"twitter:label1\" content=\"Geschreven door\" \/>\n\t<meta name=\"twitter:data1\" content=\"Jenneken Hiddink\" \/>\n\t<meta name=\"twitter:label2\" content=\"Geschatte leestijd\" \/>\n\t<meta name=\"twitter:data2\" content=\"5 minuten\" \/>\n<script type=\"application\/ld+json\" class=\"yoast-schema-graph\">{\"@context\":\"https:\\\/\\\/schema.org\",\"@graph\":[{\"@type\":\"Article\",\"@id\":\"https:\\\/\\\/goodwilloldsite.projectwebtec10.com\\\/be\\\/blog-be\\\/een-belevingsgericht-interieur-voor-mensen-met-dementie-wat-is-dat\\\/#article\",\"isPartOf\":{\"@id\":\"https:\\\/\\\/goodwilloldsite.projectwebtec10.com\\\/be\\\/blog-be\\\/een-belevingsgericht-interieur-voor-mensen-met-dementie-wat-is-dat\\\/\"},\"author\":{\"name\":\"Jenneken Hiddink\",\"@id\":\"https:\\\/\\\/goodwilloldsite.projectwebtec10.com\\\/be\\\/#\\\/schema\\\/person\\\/73183f6d39faa1ffb132724b4093bff1\"},\"headline\":\"Een belevingsgericht interieur voor mensen met dementie, wat is dat?\",\"datePublished\":\"2020-09-21T05:21:00+00:00\",\"dateModified\":\"2024-04-03T13:25:03+00:00\",\"mainEntityOfPage\":{\"@id\":\"https:\\\/\\\/goodwilloldsite.projectwebtec10.com\\\/be\\\/blog-be\\\/een-belevingsgericht-interieur-voor-mensen-met-dementie-wat-is-dat\\\/\"},\"wordCount\":940,\"publisher\":{\"@id\":\"https:\\\/\\\/goodwilloldsite.projectwebtec10.com\\\/be\\\/#organization\"},\"image\":{\"@id\":\"https:\\\/\\\/goodwilloldsite.projectwebtec10.com\\\/be\\\/blog-be\\\/een-belevingsgericht-interieur-voor-mensen-met-dementie-wat-is-dat\\\/#primaryimage\"},\"thumbnailUrl\":\"https:\\\/\\\/goodwilloldsite.projectwebtec10.com\\\/wp-content\\\/uploads\\\/1-22.jpg\",\"keywords\":[\"belevingsgericht\",\"blog\",\"dementie\",\"dementiezorg\",\"gedrag\",\"goeddoel\",\"interieurstyling\",\"jacqueline vink\",\"omgeving\",\"ondernemer\",\"veiligheid\",\"zintuigen\",\"zorg\"],\"articleSection\":[\"Blog\"],\"inLanguage\":\"nl-BE\"},{\"@type\":\"WebPage\",\"@id\":\"https:\\\/\\\/goodwilloldsite.projectwebtec10.com\\\/be\\\/blog-be\\\/een-belevingsgericht-interieur-voor-mensen-met-dementie-wat-is-dat\\\/\",\"url\":\"https:\\\/\\\/goodwilloldsite.projectwebtec10.com\\\/be\\\/blog-be\\\/een-belevingsgericht-interieur-voor-mensen-met-dementie-wat-is-dat\\\/\",\"name\":\"BLOG | Wat is een belevingsgericht interieur bij dementie\",\"isPartOf\":{\"@id\":\"https:\\\/\\\/goodwilloldsite.projectwebtec10.com\\\/be\\\/#website\"},\"primaryImageOfPage\":{\"@id\":\"https:\\\/\\\/goodwilloldsite.projectwebtec10.com\\\/be\\\/blog-be\\\/een-belevingsgericht-interieur-voor-mensen-met-dementie-wat-is-dat\\\/#primaryimage\"},\"image\":{\"@id\":\"https:\\\/\\\/goodwilloldsite.projectwebtec10.com\\\/be\\\/blog-be\\\/een-belevingsgericht-interieur-voor-mensen-met-dementie-wat-is-dat\\\/#primaryimage\"},\"thumbnailUrl\":\"https:\\\/\\\/goodwilloldsite.projectwebtec10.com\\\/wp-content\\\/uploads\\\/1-22.jpg\",\"datePublished\":\"2020-09-21T05:21:00+00:00\",\"dateModified\":\"2024-04-03T13:25:03+00:00\",\"description\":\"\\\"Door de omgeving zo goed mogelijk te laten aansluiten bij de behoeften van de bewoners kunnen mensen met dementie prettig wonen met een veilig gevoel.\\\" Jacqueline Vink ontwerpt belevingsgerichte interieurs voor mensen met dementie.\",\"breadcrumb\":{\"@id\":\"https:\\\/\\\/goodwilloldsite.projectwebtec10.com\\\/be\\\/blog-be\\\/een-belevingsgericht-interieur-voor-mensen-met-dementie-wat-is-dat\\\/#breadcrumb\"},\"inLanguage\":\"nl-BE\",\"potentialAction\":[{\"@type\":\"ReadAction\",\"target\":[\"https:\\\/\\\/goodwilloldsite.projectwebtec10.com\\\/be\\\/blog-be\\\/een-belevingsgericht-interieur-voor-mensen-met-dementie-wat-is-dat\\\/\"]}]},{\"@type\":\"ImageObject\",\"inLanguage\":\"nl-BE\",\"@id\":\"https:\\\/\\\/goodwilloldsite.projectwebtec10.com\\\/be\\\/blog-be\\\/een-belevingsgericht-interieur-voor-mensen-met-dementie-wat-is-dat\\\/#primaryimage\",\"url\":\"https:\\\/\\\/goodwilloldsite.projectwebtec10.com\\\/wp-content\\\/uploads\\\/1-22.jpg\",\"contentUrl\":\"https:\\\/\\\/goodwilloldsite.projectwebtec10.com\\\/wp-content\\\/uploads\\\/1-22.jpg\",\"width\":600,\"height\":413},{\"@type\":\"BreadcrumbList\",\"@id\":\"https:\\\/\\\/goodwilloldsite.projectwebtec10.com\\\/be\\\/blog-be\\\/een-belevingsgericht-interieur-voor-mensen-met-dementie-wat-is-dat\\\/#breadcrumb\",\"itemListElement\":[{\"@type\":\"ListItem\",\"position\":1,\"name\":\"Home\",\"item\":\"https:\\\/\\\/goodwilloldsite.projectwebtec10.com\\\/be\\\/\"},{\"@type\":\"ListItem\",\"position\":2,\"name\":\"Een belevingsgericht interieur voor mensen met dementie, wat is dat?\"}]},{\"@type\":\"WebSite\",\"@id\":\"https:\\\/\\\/goodwilloldsite.projectwebtec10.com\\\/be\\\/#website\",\"url\":\"https:\\\/\\\/goodwilloldsite.projectwebtec10.com\\\/be\\\/\",\"name\":\"Goodwill\",\"description\":\"Geeft kleur aan de zorg\",\"publisher\":{\"@id\":\"https:\\\/\\\/goodwilloldsite.projectwebtec10.com\\\/be\\\/#organization\"},\"potentialAction\":[{\"@type\":\"SearchAction\",\"target\":{\"@type\":\"EntryPoint\",\"urlTemplate\":\"https:\\\/\\\/goodwilloldsite.projectwebtec10.com\\\/be\\\/?s={search_term_string}\"},\"query-input\":{\"@type\":\"PropertyValueSpecification\",\"valueRequired\":true,\"valueName\":\"search_term_string\"}}],\"inLanguage\":\"nl-BE\"},{\"@type\":\"Organization\",\"@id\":\"https:\\\/\\\/goodwilloldsite.projectwebtec10.com\\\/be\\\/#organization\",\"name\":\"Goodwill\",\"url\":\"https:\\\/\\\/goodwilloldsite.projectwebtec10.com\\\/be\\\/\",\"logo\":{\"@type\":\"ImageObject\",\"inLanguage\":\"nl-BE\",\"@id\":\"https:\\\/\\\/goodwilloldsite.projectwebtec10.com\\\/be\\\/#\\\/schema\\\/logo\\\/image\\\/\",\"url\":\"https:\\\/\\\/i0.wp.com\\\/www.goodwill.nl\\\/wp-content\\\/uploads\\\/logo-goodwill.png?fit=483%2C120&ssl=1\",\"contentUrl\":\"https:\\\/\\\/i0.wp.com\\\/www.goodwill.nl\\\/wp-content\\\/uploads\\\/logo-goodwill.png?fit=483%2C120&ssl=1\",\"width\":483,\"height\":120,\"caption\":\"Goodwill\"},\"image\":{\"@id\":\"https:\\\/\\\/goodwilloldsite.projectwebtec10.com\\\/be\\\/#\\\/schema\\\/logo\\\/image\\\/\"},\"sameAs\":[\"https:\\\/\\\/www.facebook.com\\\/goodwill.nl\\\/\",\"https:\\\/\\\/nl.linkedin.com\\\/company\\\/goodwill.nl\"]},{\"@type\":\"Person\",\"@id\":\"https:\\\/\\\/goodwilloldsite.projectwebtec10.com\\\/be\\\/#\\\/schema\\\/person\\\/73183f6d39faa1ffb132724b4093bff1\",\"name\":\"Jenneken Hiddink\",\"image\":{\"@type\":\"ImageObject\",\"inLanguage\":\"nl-BE\",\"@id\":\"https:\\\/\\\/secure.gravatar.com\\\/avatar\\\/3d6f9c67db620bf03b17dde662020fe6ea2822f293a1c5e2d4476f906c8aeb19?s=96&d=mm&r=g\",\"url\":\"https:\\\/\\\/secure.gravatar.com\\\/avatar\\\/3d6f9c67db620bf03b17dde662020fe6ea2822f293a1c5e2d4476f906c8aeb19?s=96&d=mm&r=g\",\"contentUrl\":\"https:\\\/\\\/secure.gravatar.com\\\/avatar\\\/3d6f9c67db620bf03b17dde662020fe6ea2822f293a1c5e2d4476f906c8aeb19?s=96&d=mm&r=g\",\"caption\":\"Jenneken Hiddink\"}}]}<\/script>\n<!-- \/ Yoast SEO plugin. -->","yoast_head_json":{"title":"BLOG | Wat is een belevingsgericht interieur bij dementie","description":"\"Door de omgeving zo goed mogelijk te laten aansluiten bij de behoeften van de bewoners kunnen mensen met dementie prettig wonen met een veilig gevoel.\" Jacqueline Vink ontwerpt belevingsgerichte interieurs voor mensen met dementie.","robots":{"index":"noindex","follow":"follow","max-snippet":"max-snippet:-1","max-image-preview":"max-image-preview:large","max-video-preview":"max-video-preview:-1"},"og_locale":"nl_BE","og_type":"article","og_title":"BLOG | Wat is een belevingsgericht interieur bij dementie","og_description":"\"Door de omgeving zo goed mogelijk te laten aansluiten bij de behoeften van de bewoners kunnen mensen met dementie prettig wonen met een veilig gevoel.\" Jacqueline Vink ontwerpt belevingsgerichte interieurs voor mensen met dementie.","og_url":"https:\/\/goodwilloldsite.projectwebtec10.com\/be\/blog-be\/een-belevingsgericht-interieur-voor-mensen-met-dementie-wat-is-dat\/","og_site_name":"Goodwill","article_publisher":"https:\/\/www.facebook.com\/goodwill.nl\/","article_published_time":"2020-09-21T05:21:00+00:00","article_modified_time":"2024-04-03T13:25:03+00:00","og_image":[{"width":600,"height":413,"url":"https:\/\/goodwilloldsite.projectwebtec10.com\/wp-content\/uploads\/1-22.jpg","type":"image\/jpeg"}],"author":"Jenneken Hiddink","twitter_card":"summary_large_image","twitter_misc":{"Geschreven door":"Jenneken Hiddink","Geschatte leestijd":"5 minuten"},"schema":{"@context":"https:\/\/schema.org","@graph":[{"@type":"Article","@id":"https:\/\/goodwilloldsite.projectwebtec10.com\/be\/blog-be\/een-belevingsgericht-interieur-voor-mensen-met-dementie-wat-is-dat\/#article","isPartOf":{"@id":"https:\/\/goodwilloldsite.projectwebtec10.com\/be\/blog-be\/een-belevingsgericht-interieur-voor-mensen-met-dementie-wat-is-dat\/"},"author":{"name":"Jenneken Hiddink","@id":"https:\/\/goodwilloldsite.projectwebtec10.com\/be\/#\/schema\/person\/73183f6d39faa1ffb132724b4093bff1"},"headline":"Een belevingsgericht interieur voor mensen met dementie, wat is dat?","datePublished":"2020-09-21T05:21:00+00:00","dateModified":"2024-04-03T13:25:03+00:00","mainEntityOfPage":{"@id":"https:\/\/goodwilloldsite.projectwebtec10.com\/be\/blog-be\/een-belevingsgericht-interieur-voor-mensen-met-dementie-wat-is-dat\/"},"wordCount":940,"publisher":{"@id":"https:\/\/goodwilloldsite.projectwebtec10.com\/be\/#organization"},"image":{"@id":"https:\/\/goodwilloldsite.projectwebtec10.com\/be\/blog-be\/een-belevingsgericht-interieur-voor-mensen-met-dementie-wat-is-dat\/#primaryimage"},"thumbnailUrl":"https:\/\/goodwilloldsite.projectwebtec10.com\/wp-content\/uploads\/1-22.jpg","keywords":["belevingsgericht","blog","dementie","dementiezorg","gedrag","goeddoel","interieurstyling","jacqueline vink","omgeving","ondernemer","veiligheid","zintuigen","zorg"],"articleSection":["Blog"],"inLanguage":"nl-BE"},{"@type":"WebPage","@id":"https:\/\/goodwilloldsite.projectwebtec10.com\/be\/blog-be\/een-belevingsgericht-interieur-voor-mensen-met-dementie-wat-is-dat\/","url":"https:\/\/goodwilloldsite.projectwebtec10.com\/be\/blog-be\/een-belevingsgericht-interieur-voor-mensen-met-dementie-wat-is-dat\/","name":"BLOG | Wat is een belevingsgericht interieur bij dementie","isPartOf":{"@id":"https:\/\/goodwilloldsite.projectwebtec10.com\/be\/#website"},"primaryImageOfPage":{"@id":"https:\/\/goodwilloldsite.projectwebtec10.com\/be\/blog-be\/een-belevingsgericht-interieur-voor-mensen-met-dementie-wat-is-dat\/#primaryimage"},"image":{"@id":"https:\/\/goodwilloldsite.projectwebtec10.com\/be\/blog-be\/een-belevingsgericht-interieur-voor-mensen-met-dementie-wat-is-dat\/#primaryimage"},"thumbnailUrl":"https:\/\/goodwilloldsite.projectwebtec10.com\/wp-content\/uploads\/1-22.jpg","datePublished":"2020-09-21T05:21:00+00:00","dateModified":"2024-04-03T13:25:03+00:00","description":"\"Door de omgeving zo goed mogelijk te laten aansluiten bij de behoeften van de bewoners kunnen mensen met dementie prettig wonen met een veilig gevoel.\" Jacqueline Vink ontwerpt belevingsgerichte interieurs voor mensen met dementie.","breadcrumb":{"@id":"https:\/\/goodwilloldsite.projectwebtec10.com\/be\/blog-be\/een-belevingsgericht-interieur-voor-mensen-met-dementie-wat-is-dat\/#breadcrumb"},"inLanguage":"nl-BE","potentialAction":[{"@type":"ReadAction","target":["https:\/\/goodwilloldsite.projectwebtec10.com\/be\/blog-be\/een-belevingsgericht-interieur-voor-mensen-met-dementie-wat-is-dat\/"]}]},{"@type":"ImageObject","inLanguage":"nl-BE","@id":"https:\/\/goodwilloldsite.projectwebtec10.com\/be\/blog-be\/een-belevingsgericht-interieur-voor-mensen-met-dementie-wat-is-dat\/#primaryimage","url":"https:\/\/goodwilloldsite.projectwebtec10.com\/wp-content\/uploads\/1-22.jpg","contentUrl":"https:\/\/goodwilloldsite.projectwebtec10.com\/wp-content\/uploads\/1-22.jpg","width":600,"height":413},{"@type":"BreadcrumbList","@id":"https:\/\/goodwilloldsite.projectwebtec10.com\/be\/blog-be\/een-belevingsgericht-interieur-voor-mensen-met-dementie-wat-is-dat\/#breadcrumb","itemListElement":[{"@type":"ListItem","position":1,"name":"Home","item":"https:\/\/goodwilloldsite.projectwebtec10.com\/be\/"},{"@type":"ListItem","position":2,"name":"Een belevingsgericht interieur voor mensen met dementie, wat is dat?"}]},{"@type":"WebSite","@id":"https:\/\/goodwilloldsite.projectwebtec10.com\/be\/#website","url":"https:\/\/goodwilloldsite.projectwebtec10.com\/be\/","name":"Goodwill","description":"Geeft kleur aan de zorg","publisher":{"@id":"https:\/\/goodwilloldsite.projectwebtec10.com\/be\/#organization"},"potentialAction":[{"@type":"SearchAction","target":{"@type":"EntryPoint","urlTemplate":"https:\/\/goodwilloldsite.projectwebtec10.com\/be\/?s={search_term_string}"},"query-input":{"@type":"PropertyValueSpecification","valueRequired":true,"valueName":"search_term_string"}}],"inLanguage":"nl-BE"},{"@type":"Organization","@id":"https:\/\/goodwilloldsite.projectwebtec10.com\/be\/#organization","name":"Goodwill","url":"https:\/\/goodwilloldsite.projectwebtec10.com\/be\/","logo":{"@type":"ImageObject","inLanguage":"nl-BE","@id":"https:\/\/goodwilloldsite.projectwebtec10.com\/be\/#\/schema\/logo\/image\/","url":"https:\/\/i0.wp.com\/www.goodwill.nl\/wp-content\/uploads\/logo-goodwill.png?fit=483%2C120&ssl=1","contentUrl":"https:\/\/i0.wp.com\/www.goodwill.nl\/wp-content\/uploads\/logo-goodwill.png?fit=483%2C120&ssl=1","width":483,"height":120,"caption":"Goodwill"},"image":{"@id":"https:\/\/goodwilloldsite.projectwebtec10.com\/be\/#\/schema\/logo\/image\/"},"sameAs":["https:\/\/www.facebook.com\/goodwill.nl\/","https:\/\/nl.linkedin.com\/company\/goodwill.nl"]},{"@type":"Person","@id":"https:\/\/goodwilloldsite.projectwebtec10.com\/be\/#\/schema\/person\/73183f6d39faa1ffb132724b4093bff1","name":"Jenneken Hiddink","image":{"@type":"ImageObject","inLanguage":"nl-BE","@id":"https:\/\/secure.gravatar.com\/avatar\/3d6f9c67db620bf03b17dde662020fe6ea2822f293a1c5e2d4476f906c8aeb19?s=96&d=mm&r=g","url":"https:\/\/secure.gravatar.com\/avatar\/3d6f9c67db620bf03b17dde662020fe6ea2822f293a1c5e2d4476f906c8aeb19?s=96&d=mm&r=g","contentUrl":"https:\/\/secure.gravatar.com\/avatar\/3d6f9c67db620bf03b17dde662020fe6ea2822f293a1c5e2d4476f906c8aeb19?s=96&d=mm&r=g","caption":"Jenneken Hiddink"}}]}},"jetpack_featured_media_url":"https:\/\/goodwilloldsite.projectwebtec10.com\/wp-content\/uploads\/1-22.jpg","publishpress_future_action":{"enabled":false,"date":"2026-05-06 03:58:17","action":"change-status","newStatus":"draft","terms":[],"taxonomy":"category","extraData":[]},"publishpress_future_workflow_manual_trigger":{"enabledWorkflows":[]},"_links":{"self":[{"href":"https:\/\/goodwilloldsite.projectwebtec10.com\/be\/wp-json\/wp\/v2\/posts\/57589","targetHints":{"allow":["GET"]}}],"collection":[{"href":"https:\/\/goodwilloldsite.projectwebtec10.com\/be\/wp-json\/wp\/v2\/posts"}],"about":[{"href":"https:\/\/goodwilloldsite.projectwebtec10.com\/be\/wp-json\/wp\/v2\/types\/post"}],"author":[{"embeddable":true,"href":"https:\/\/goodwilloldsite.projectwebtec10.com\/be\/wp-json\/wp\/v2\/users\/5"}],"replies":[{"embeddable":true,"href":"https:\/\/goodwilloldsite.projectwebtec10.com\/be\/wp-json\/wp\/v2\/comments?post=57589"}],"version-history":[{"count":1,"href":"https:\/\/goodwilloldsite.projectwebtec10.com\/be\/wp-json\/wp\/v2\/posts\/57589\/revisions"}],"predecessor-version":[{"id":80073,"href":"https:\/\/goodwilloldsite.projectwebtec10.com\/be\/wp-json\/wp\/v2\/posts\/57589\/revisions\/80073"}],"wp:featuredmedia":[{"embeddable":true,"href":"https:\/\/goodwilloldsite.projectwebtec10.com\/be\/wp-json\/wp\/v2\/media\/57302"}],"wp:attachment":[{"href":"https:\/\/goodwilloldsite.projectwebtec10.com\/be\/wp-json\/wp\/v2\/media?parent=57589"}],"wp:term":[{"taxonomy":"category","embeddable":true,"href":"https:\/\/goodwilloldsite.projectwebtec10.com\/be\/wp-json\/wp\/v2\/categories?post=57589"},{"taxonomy":"post_tag","embeddable":true,"href":"https:\/\/goodwilloldsite.projectwebtec10.com\/be\/wp-json\/wp\/v2\/tags?post=57589"}],"curies":[{"name":"wp","href":"https:\/\/api.w.org\/{rel}","templated":true}]}}