{"id":62298,"date":"2021-12-01T08:00:00","date_gmt":"2021-12-01T07:00:00","guid":{"rendered":"https:\/\/goodwilloldsite.projectwebtec10.com\/?p=62298"},"modified":"2021-11-30T17:27:39","modified_gmt":"2021-11-30T16:27:39","slug":"goodwills-kerstpakket-2021","status":"publish","type":"post","link":"https:\/\/goodwilloldsite.projectwebtec10.com\/be\/goodwill-days-be\/goodwills-kerstpakket-2021\/","title":{"rendered":"Goodwill&#8217;s Kerstpakket 2021"},"content":{"rendered":"<p><img loading=\"lazy\" decoding=\"async\" class=\"alignright wp-image-62224\" src=\"https:\/\/goodwilloldsite.projectwebtec10.com\/wp-content\/uploads\/1-37-594x640.jpg\" alt=\"Goodwill's Kerstpakket wordt uitgepakt door kinderen\" width=\"300\" height=\"323\" srcset=\"https:\/\/goodwilloldsite.projectwebtec10.com\/wp-content\/uploads\/1-37-594x640.jpg 594w, https:\/\/goodwilloldsite.projectwebtec10.com\/wp-content\/uploads\/1-37-297x320.jpg 297w, https:\/\/goodwilloldsite.projectwebtec10.com\/wp-content\/uploads\/1-37.jpg 619w\" sizes=\"auto, (max-width: 300px) 100vw, 300px\" \/><\/p>\n\n\n<p><strong>\u201cWat lief!!\u201d<\/strong><br>Er komt een knuffel uit de grote doos. De <strong>kinderen <\/strong>van Dagbehandeling Mimosa in Barneveld kijken vertederd naar de zachte gans. Ze willen daar allemaal mee knuffelen. En dan snel door, want er zit nog veel meer leuks in<strong> Goodwill\u2019s Kerstpakket<\/strong>. Samen ontdekken ze de inhoud. Voor alle zintuigen \u00e9n voor alle kinderen zit er iets geschikts bij. De bal is favoriet en het roze kussen is z\u00f3 zacht dat alle kinderen er even op willen liggen om te relaxen. Bij Dagbehandeling Mimosa van Youk\u00e9 komen kinderen van 2 tot 6 jaar die zich langzamer of anders ontwikkelen.<br><br><\/p>\n\n\n\n<p><strong>\u201cWat zit er nog meer in? Wat zit er nog meer in?\u201d<\/strong><br>Een groepje enthousiaste bewoners van Het Jasmijnhuis in Ridderkerk zit naast de kerstboom met een grote doos. Samen pakken ze Goodwill\u2019s Kerstpakket uit. Dit vinden ze heel leuk! Ze zijn erg benieuwd naar de inhoud. En blij verrast als ze ontdekken wat er zoal in de doos zit: \u201cPopcorn en chipjes, lekker!\u201d Het Jasmijnhuis biedt gespecialiseerde kleinschalige zorg voor <strong>mensen met dementie<\/strong> en is onderdeel van Dagelijks Leven.<br><br><\/p>\n\n\n<p><img loading=\"lazy\" decoding=\"async\" class=\"alignright wp-image-62230\" src=\"https:\/\/goodwilloldsite.projectwebtec10.com\/wp-content\/uploads\/4-22-594x640.jpg\" alt=\"Goodwill's Kerstpakket bij dementie zorgcentrum\" width=\"300\" height=\"323\" srcset=\"https:\/\/goodwilloldsite.projectwebtec10.com\/wp-content\/uploads\/4-22-594x640.jpg 594w, https:\/\/goodwilloldsite.projectwebtec10.com\/wp-content\/uploads\/4-22-297x320.jpg 297w, https:\/\/goodwilloldsite.projectwebtec10.com\/wp-content\/uploads\/4-22.jpg 619w\" sizes=\"auto, (max-width: 300px) 100vw, 300px\" \/><\/p>\n\n\n<p><strong>160 Kerstpakketten<\/strong><br>Goodwill\u2019s Kerstpakketten zijn mogelijk gemaakt door betrokken sponsoren. Deze foto\u2019s zijn van de uitpakmomenten in 2020, toen konden we voor het eerst ook kerstpakketten maken voor dementie zorgcentra. Dit jaar maken we in totaal 160 locaties blij met Goodwill\u2019s Kerstpakket, zowel <strong>dementie zorgcentra<\/strong> als <strong>medisch kinderdagverblijven<\/strong>. Benieuwd naar wat er dit jaar in zit? Volg ons op <a href=\"https:\/\/www.facebook.com\/goodwill.nl\" target=\"_blank\" rel=\"noreferrer noopener\">Facebook<\/a>, <a href=\"https:\/\/www.instagram.com\/goodwill_nl\/\" target=\"_blank\" rel=\"noreferrer noopener\">Instagram <\/a>of <a href=\"https:\/\/www.linkedin.com\/company\/goodwill.nl\/\" target=\"_blank\" rel=\"noreferrer noopener\">LinkedIn<\/a> en kijk mee met de verschillende uitpakmomenten.<br><br><\/p>\n\n\n\n<p><strong>Goed doel<\/strong><br>Ook volgend jaar willen we deze succesvolle actie graag een vervolg geven. Help (opnieuw) mee zodat er weer kerstpakketten van Goodwill uitgedeeld kunnen worden! Wees maatschappelijk betrokken en doe mee, word sponsor!<br><br><a href=\"https:\/\/goodwilloldsite.projectwebtec10.com\/be\/wordsponsor\/\" target=\"_blank\" rel=\"noreferrer noopener\">WORD SPONSOR<\/a><\/p>\n\n\n\n<p><br><\/p>\n","protected":false},"excerpt":{"rendered":"<p>\u201cWat lief!!\u201dEr komt een knuffel uit de grote doos. De kinderen van Dagbehandeling Mimosa in Barneveld kijken vertederd naar de zachte gans. Ze willen daar allemaal mee knuffelen. En dan snel door, want er zit nog veel meer [&hellip;]<\/p>\n","protected":false},"author":5,"featured_media":62225,"comment_status":"closed","ping_status":"closed","sticky":false,"template":"","format":"standard","meta":{"footnotes":""},"categories":[723],"tags":[747,810,728,729,1337,772,734],"class_list":["post-62298","post","type-post","status-publish","format-standard","has-post-thumbnail","hentry","category-goodwill-days-be","tag-dementie-be","tag-dementiezorg-be","tag-goed-doel-be","tag-goodwill-day-be","tag-kerst-2021-be","tag-medisch-kinderdagverblijf-be","tag-sponsoring-be"],"yoast_head":"<!-- This site is optimized with the Yoast SEO plugin v27.4 - https:\/\/yoast.com\/product\/yoast-seo-wordpress\/ -->\n<title>Goodwill&#039;s Kerstpakket 2021 - Goodwill<\/title>\n<meta name=\"description\" content=\"Exclusief voor dementie zorgcentra en medisch kinderdagverblijven | Speciaal kerstpakket afgestemd op de gebruikers | Goodwill Day\" \/>\n<meta name=\"robots\" content=\"noindex, follow, max-snippet:-1, max-image-preview:large, max-video-preview:-1\" \/>\n<meta property=\"og:locale\" content=\"nl_BE\" \/>\n<meta property=\"og:type\" content=\"article\" \/>\n<meta property=\"og:title\" content=\"Goodwill&#039;s Kerstpakket 2021 - Goodwill\" \/>\n<meta property=\"og:description\" content=\"Exclusief voor dementie zorgcentra en medisch kinderdagverblijven | Speciaal kerstpakket afgestemd op de gebruikers | Goodwill Day\" \/>\n<meta property=\"og:url\" content=\"https:\/\/goodwilloldsite.projectwebtec10.com\/be\/goodwill-days-be\/goodwills-kerstpakket-2021\/\" \/>\n<meta property=\"og:site_name\" content=\"Goodwill\" \/>\n<meta property=\"article:publisher\" content=\"https:\/\/www.facebook.com\/goodwill.nl\/\" \/>\n<meta property=\"article:published_time\" content=\"2021-12-01T07:00:00+00:00\" \/>\n<meta property=\"og:image\" content=\"https:\/\/i2.wp.com\/www.goodwill.nl\/wp-content\/uploads\/1-37.jpg?fit=619%2C667&ssl=1\" \/>\n\t<meta property=\"og:image:width\" content=\"619\" \/>\n\t<meta property=\"og:image:height\" content=\"667\" \/>\n\t<meta property=\"og:image:type\" content=\"image\/jpeg\" \/>\n<meta name=\"author\" content=\"Jenneken Hiddink\" \/>\n<meta name=\"twitter:card\" content=\"summary_large_image\" \/>\n<meta name=\"twitter:label1\" content=\"Geschreven door\" \/>\n\t<meta name=\"twitter:data1\" content=\"Jenneken Hiddink\" \/>\n\t<meta name=\"twitter:label2\" content=\"Geschatte leestijd\" \/>\n\t<meta name=\"twitter:data2\" content=\"2 minuten\" \/>\n<script type=\"application\/ld+json\" class=\"yoast-schema-graph\">{\"@context\":\"https:\\\/\\\/schema.org\",\"@graph\":[{\"@type\":\"Article\",\"@id\":\"https:\\\/\\\/goodwilloldsite.projectwebtec10.com\\\/be\\\/goodwill-days-be\\\/goodwills-kerstpakket-2021\\\/#article\",\"isPartOf\":{\"@id\":\"https:\\\/\\\/goodwilloldsite.projectwebtec10.com\\\/be\\\/goodwill-days-be\\\/goodwills-kerstpakket-2021\\\/\"},\"author\":{\"name\":\"Jenneken Hiddink\",\"@id\":\"https:\\\/\\\/goodwilloldsite.projectwebtec10.com\\\/be\\\/#\\\/schema\\\/person\\\/73183f6d39faa1ffb132724b4093bff1\"},\"headline\":\"Goodwill&#8217;s Kerstpakket 2021\",\"datePublished\":\"2021-12-01T07:00:00+00:00\",\"mainEntityOfPage\":{\"@id\":\"https:\\\/\\\/goodwilloldsite.projectwebtec10.com\\\/be\\\/goodwill-days-be\\\/goodwills-kerstpakket-2021\\\/\"},\"wordCount\":289,\"publisher\":{\"@id\":\"https:\\\/\\\/goodwilloldsite.projectwebtec10.com\\\/be\\\/#organization\"},\"image\":{\"@id\":\"https:\\\/\\\/goodwilloldsite.projectwebtec10.com\\\/be\\\/goodwill-days-be\\\/goodwills-kerstpakket-2021\\\/#primaryimage\"},\"thumbnailUrl\":\"https:\\\/\\\/goodwilloldsite.projectwebtec10.com\\\/wp-content\\\/uploads\\\/1-37.jpg\",\"keywords\":[\"dementie\",\"dementiezorg\",\"goed doel\",\"Goodwill Day\",\"Kerst 2021\",\"medisch kinderdagverblijf\",\"sponsoring\"],\"articleSection\":[\"Goodwill Days\"],\"inLanguage\":\"nl-BE\"},{\"@type\":\"WebPage\",\"@id\":\"https:\\\/\\\/goodwilloldsite.projectwebtec10.com\\\/be\\\/goodwill-days-be\\\/goodwills-kerstpakket-2021\\\/\",\"url\":\"https:\\\/\\\/goodwilloldsite.projectwebtec10.com\\\/be\\\/goodwill-days-be\\\/goodwills-kerstpakket-2021\\\/\",\"name\":\"Goodwill's Kerstpakket 2021 - Goodwill\",\"isPartOf\":{\"@id\":\"https:\\\/\\\/goodwilloldsite.projectwebtec10.com\\\/be\\\/#website\"},\"primaryImageOfPage\":{\"@id\":\"https:\\\/\\\/goodwilloldsite.projectwebtec10.com\\\/be\\\/goodwill-days-be\\\/goodwills-kerstpakket-2021\\\/#primaryimage\"},\"image\":{\"@id\":\"https:\\\/\\\/goodwilloldsite.projectwebtec10.com\\\/be\\\/goodwill-days-be\\\/goodwills-kerstpakket-2021\\\/#primaryimage\"},\"thumbnailUrl\":\"https:\\\/\\\/goodwilloldsite.projectwebtec10.com\\\/wp-content\\\/uploads\\\/1-37.jpg\",\"datePublished\":\"2021-12-01T07:00:00+00:00\",\"description\":\"Exclusief voor dementie zorgcentra en medisch kinderdagverblijven | Speciaal kerstpakket afgestemd op de gebruikers | Goodwill Day\",\"breadcrumb\":{\"@id\":\"https:\\\/\\\/goodwilloldsite.projectwebtec10.com\\\/be\\\/goodwill-days-be\\\/goodwills-kerstpakket-2021\\\/#breadcrumb\"},\"inLanguage\":\"nl-BE\",\"potentialAction\":[{\"@type\":\"ReadAction\",\"target\":[\"https:\\\/\\\/goodwilloldsite.projectwebtec10.com\\\/be\\\/goodwill-days-be\\\/goodwills-kerstpakket-2021\\\/\"]}]},{\"@type\":\"ImageObject\",\"inLanguage\":\"nl-BE\",\"@id\":\"https:\\\/\\\/goodwilloldsite.projectwebtec10.com\\\/be\\\/goodwill-days-be\\\/goodwills-kerstpakket-2021\\\/#primaryimage\",\"url\":\"https:\\\/\\\/goodwilloldsite.projectwebtec10.com\\\/wp-content\\\/uploads\\\/1-37.jpg\",\"contentUrl\":\"https:\\\/\\\/goodwilloldsite.projectwebtec10.com\\\/wp-content\\\/uploads\\\/1-37.jpg\",\"width\":619,\"height\":667,\"caption\":\"Goodwill's Kerstpakket wordt uitgepakt door kinderen\"},{\"@type\":\"BreadcrumbList\",\"@id\":\"https:\\\/\\\/goodwilloldsite.projectwebtec10.com\\\/be\\\/goodwill-days-be\\\/goodwills-kerstpakket-2021\\\/#breadcrumb\",\"itemListElement\":[{\"@type\":\"ListItem\",\"position\":1,\"name\":\"Home\",\"item\":\"https:\\\/\\\/goodwilloldsite.projectwebtec10.com\\\/be\\\/\"},{\"@type\":\"ListItem\",\"position\":2,\"name\":\"Goodwill&#8217;s Kerstpakket 2021\"}]},{\"@type\":\"WebSite\",\"@id\":\"https:\\\/\\\/goodwilloldsite.projectwebtec10.com\\\/be\\\/#website\",\"url\":\"https:\\\/\\\/goodwilloldsite.projectwebtec10.com\\\/be\\\/\",\"name\":\"Goodwill\",\"description\":\"Geeft kleur aan de zorg\",\"publisher\":{\"@id\":\"https:\\\/\\\/goodwilloldsite.projectwebtec10.com\\\/be\\\/#organization\"},\"potentialAction\":[{\"@type\":\"SearchAction\",\"target\":{\"@type\":\"EntryPoint\",\"urlTemplate\":\"https:\\\/\\\/goodwilloldsite.projectwebtec10.com\\\/be\\\/?s={search_term_string}\"},\"query-input\":{\"@type\":\"PropertyValueSpecification\",\"valueRequired\":true,\"valueName\":\"search_term_string\"}}],\"inLanguage\":\"nl-BE\"},{\"@type\":\"Organization\",\"@id\":\"https:\\\/\\\/goodwilloldsite.projectwebtec10.com\\\/be\\\/#organization\",\"name\":\"Goodwill\",\"url\":\"https:\\\/\\\/goodwilloldsite.projectwebtec10.com\\\/be\\\/\",\"logo\":{\"@type\":\"ImageObject\",\"inLanguage\":\"nl-BE\",\"@id\":\"https:\\\/\\\/goodwilloldsite.projectwebtec10.com\\\/be\\\/#\\\/schema\\\/logo\\\/image\\\/\",\"url\":\"https:\\\/\\\/i0.wp.com\\\/www.goodwill.nl\\\/wp-content\\\/uploads\\\/logo-goodwill.png?fit=483%2C120&ssl=1\",\"contentUrl\":\"https:\\\/\\\/i0.wp.com\\\/www.goodwill.nl\\\/wp-content\\\/uploads\\\/logo-goodwill.png?fit=483%2C120&ssl=1\",\"width\":483,\"height\":120,\"caption\":\"Goodwill\"},\"image\":{\"@id\":\"https:\\\/\\\/goodwilloldsite.projectwebtec10.com\\\/be\\\/#\\\/schema\\\/logo\\\/image\\\/\"},\"sameAs\":[\"https:\\\/\\\/www.facebook.com\\\/goodwill.nl\\\/\",\"https:\\\/\\\/nl.linkedin.com\\\/company\\\/goodwill.nl\"]},{\"@type\":\"Person\",\"@id\":\"https:\\\/\\\/goodwilloldsite.projectwebtec10.com\\\/be\\\/#\\\/schema\\\/person\\\/73183f6d39faa1ffb132724b4093bff1\",\"name\":\"Jenneken Hiddink\",\"image\":{\"@type\":\"ImageObject\",\"inLanguage\":\"nl-BE\",\"@id\":\"https:\\\/\\\/secure.gravatar.com\\\/avatar\\\/3d6f9c67db620bf03b17dde662020fe6ea2822f293a1c5e2d4476f906c8aeb19?s=96&d=mm&r=g\",\"url\":\"https:\\\/\\\/secure.gravatar.com\\\/avatar\\\/3d6f9c67db620bf03b17dde662020fe6ea2822f293a1c5e2d4476f906c8aeb19?s=96&d=mm&r=g\",\"contentUrl\":\"https:\\\/\\\/secure.gravatar.com\\\/avatar\\\/3d6f9c67db620bf03b17dde662020fe6ea2822f293a1c5e2d4476f906c8aeb19?s=96&d=mm&r=g\",\"caption\":\"Jenneken Hiddink\"}}]}<\/script>\n<!-- \/ Yoast SEO plugin. -->","yoast_head_json":{"title":"Goodwill's Kerstpakket 2021 - Goodwill","description":"Exclusief voor dementie zorgcentra en medisch kinderdagverblijven | Speciaal kerstpakket afgestemd op de gebruikers | Goodwill Day","robots":{"index":"noindex","follow":"follow","max-snippet":"max-snippet:-1","max-image-preview":"max-image-preview:large","max-video-preview":"max-video-preview:-1"},"og_locale":"nl_BE","og_type":"article","og_title":"Goodwill's Kerstpakket 2021 - Goodwill","og_description":"Exclusief voor dementie zorgcentra en medisch kinderdagverblijven | Speciaal kerstpakket afgestemd op de gebruikers | Goodwill Day","og_url":"https:\/\/goodwilloldsite.projectwebtec10.com\/be\/goodwill-days-be\/goodwills-kerstpakket-2021\/","og_site_name":"Goodwill","article_publisher":"https:\/\/www.facebook.com\/goodwill.nl\/","article_published_time":"2021-12-01T07:00:00+00:00","og_image":[{"width":619,"height":667,"url":"https:\/\/i2.wp.com\/www.goodwill.nl\/wp-content\/uploads\/1-37.jpg?fit=619%2C667&ssl=1","type":"image\/jpeg"}],"author":"Jenneken Hiddink","twitter_card":"summary_large_image","twitter_misc":{"Geschreven door":"Jenneken Hiddink","Geschatte leestijd":"2 minuten"},"schema":{"@context":"https:\/\/schema.org","@graph":[{"@type":"Article","@id":"https:\/\/goodwilloldsite.projectwebtec10.com\/be\/goodwill-days-be\/goodwills-kerstpakket-2021\/#article","isPartOf":{"@id":"https:\/\/goodwilloldsite.projectwebtec10.com\/be\/goodwill-days-be\/goodwills-kerstpakket-2021\/"},"author":{"name":"Jenneken Hiddink","@id":"https:\/\/goodwilloldsite.projectwebtec10.com\/be\/#\/schema\/person\/73183f6d39faa1ffb132724b4093bff1"},"headline":"Goodwill&#8217;s Kerstpakket 2021","datePublished":"2021-12-01T07:00:00+00:00","mainEntityOfPage":{"@id":"https:\/\/goodwilloldsite.projectwebtec10.com\/be\/goodwill-days-be\/goodwills-kerstpakket-2021\/"},"wordCount":289,"publisher":{"@id":"https:\/\/goodwilloldsite.projectwebtec10.com\/be\/#organization"},"image":{"@id":"https:\/\/goodwilloldsite.projectwebtec10.com\/be\/goodwill-days-be\/goodwills-kerstpakket-2021\/#primaryimage"},"thumbnailUrl":"https:\/\/goodwilloldsite.projectwebtec10.com\/wp-content\/uploads\/1-37.jpg","keywords":["dementie","dementiezorg","goed doel","Goodwill Day","Kerst 2021","medisch kinderdagverblijf","sponsoring"],"articleSection":["Goodwill Days"],"inLanguage":"nl-BE"},{"@type":"WebPage","@id":"https:\/\/goodwilloldsite.projectwebtec10.com\/be\/goodwill-days-be\/goodwills-kerstpakket-2021\/","url":"https:\/\/goodwilloldsite.projectwebtec10.com\/be\/goodwill-days-be\/goodwills-kerstpakket-2021\/","name":"Goodwill's Kerstpakket 2021 - Goodwill","isPartOf":{"@id":"https:\/\/goodwilloldsite.projectwebtec10.com\/be\/#website"},"primaryImageOfPage":{"@id":"https:\/\/goodwilloldsite.projectwebtec10.com\/be\/goodwill-days-be\/goodwills-kerstpakket-2021\/#primaryimage"},"image":{"@id":"https:\/\/goodwilloldsite.projectwebtec10.com\/be\/goodwill-days-be\/goodwills-kerstpakket-2021\/#primaryimage"},"thumbnailUrl":"https:\/\/goodwilloldsite.projectwebtec10.com\/wp-content\/uploads\/1-37.jpg","datePublished":"2021-12-01T07:00:00+00:00","description":"Exclusief voor dementie zorgcentra en medisch kinderdagverblijven | Speciaal kerstpakket afgestemd op de gebruikers | Goodwill Day","breadcrumb":{"@id":"https:\/\/goodwilloldsite.projectwebtec10.com\/be\/goodwill-days-be\/goodwills-kerstpakket-2021\/#breadcrumb"},"inLanguage":"nl-BE","potentialAction":[{"@type":"ReadAction","target":["https:\/\/goodwilloldsite.projectwebtec10.com\/be\/goodwill-days-be\/goodwills-kerstpakket-2021\/"]}]},{"@type":"ImageObject","inLanguage":"nl-BE","@id":"https:\/\/goodwilloldsite.projectwebtec10.com\/be\/goodwill-days-be\/goodwills-kerstpakket-2021\/#primaryimage","url":"https:\/\/goodwilloldsite.projectwebtec10.com\/wp-content\/uploads\/1-37.jpg","contentUrl":"https:\/\/goodwilloldsite.projectwebtec10.com\/wp-content\/uploads\/1-37.jpg","width":619,"height":667,"caption":"Goodwill's Kerstpakket wordt uitgepakt door kinderen"},{"@type":"BreadcrumbList","@id":"https:\/\/goodwilloldsite.projectwebtec10.com\/be\/goodwill-days-be\/goodwills-kerstpakket-2021\/#breadcrumb","itemListElement":[{"@type":"ListItem","position":1,"name":"Home","item":"https:\/\/goodwilloldsite.projectwebtec10.com\/be\/"},{"@type":"ListItem","position":2,"name":"Goodwill&#8217;s Kerstpakket 2021"}]},{"@type":"WebSite","@id":"https:\/\/goodwilloldsite.projectwebtec10.com\/be\/#website","url":"https:\/\/goodwilloldsite.projectwebtec10.com\/be\/","name":"Goodwill","description":"Geeft kleur aan de zorg","publisher":{"@id":"https:\/\/goodwilloldsite.projectwebtec10.com\/be\/#organization"},"potentialAction":[{"@type":"SearchAction","target":{"@type":"EntryPoint","urlTemplate":"https:\/\/goodwilloldsite.projectwebtec10.com\/be\/?s={search_term_string}"},"query-input":{"@type":"PropertyValueSpecification","valueRequired":true,"valueName":"search_term_string"}}],"inLanguage":"nl-BE"},{"@type":"Organization","@id":"https:\/\/goodwilloldsite.projectwebtec10.com\/be\/#organization","name":"Goodwill","url":"https:\/\/goodwilloldsite.projectwebtec10.com\/be\/","logo":{"@type":"ImageObject","inLanguage":"nl-BE","@id":"https:\/\/goodwilloldsite.projectwebtec10.com\/be\/#\/schema\/logo\/image\/","url":"https:\/\/i0.wp.com\/www.goodwill.nl\/wp-content\/uploads\/logo-goodwill.png?fit=483%2C120&ssl=1","contentUrl":"https:\/\/i0.wp.com\/www.goodwill.nl\/wp-content\/uploads\/logo-goodwill.png?fit=483%2C120&ssl=1","width":483,"height":120,"caption":"Goodwill"},"image":{"@id":"https:\/\/goodwilloldsite.projectwebtec10.com\/be\/#\/schema\/logo\/image\/"},"sameAs":["https:\/\/www.facebook.com\/goodwill.nl\/","https:\/\/nl.linkedin.com\/company\/goodwill.nl"]},{"@type":"Person","@id":"https:\/\/goodwilloldsite.projectwebtec10.com\/be\/#\/schema\/person\/73183f6d39faa1ffb132724b4093bff1","name":"Jenneken Hiddink","image":{"@type":"ImageObject","inLanguage":"nl-BE","@id":"https:\/\/secure.gravatar.com\/avatar\/3d6f9c67db620bf03b17dde662020fe6ea2822f293a1c5e2d4476f906c8aeb19?s=96&d=mm&r=g","url":"https:\/\/secure.gravatar.com\/avatar\/3d6f9c67db620bf03b17dde662020fe6ea2822f293a1c5e2d4476f906c8aeb19?s=96&d=mm&r=g","contentUrl":"https:\/\/secure.gravatar.com\/avatar\/3d6f9c67db620bf03b17dde662020fe6ea2822f293a1c5e2d4476f906c8aeb19?s=96&d=mm&r=g","caption":"Jenneken Hiddink"}}]}},"jetpack_featured_media_url":"https:\/\/goodwilloldsite.projectwebtec10.com\/wp-content\/uploads\/1-37.jpg","publishpress_future_action":{"enabled":false,"date":"2026-05-06 09:46:17","action":"change-status","newStatus":"draft","terms":[],"taxonomy":"category","extraData":[]},"publishpress_future_workflow_manual_trigger":{"enabledWorkflows":[]},"_links":{"self":[{"href":"https:\/\/goodwilloldsite.projectwebtec10.com\/be\/wp-json\/wp\/v2\/posts\/62298","targetHints":{"allow":["GET"]}}],"collection":[{"href":"https:\/\/goodwilloldsite.projectwebtec10.com\/be\/wp-json\/wp\/v2\/posts"}],"about":[{"href":"https:\/\/goodwilloldsite.projectwebtec10.com\/be\/wp-json\/wp\/v2\/types\/post"}],"author":[{"embeddable":true,"href":"https:\/\/goodwilloldsite.projectwebtec10.com\/be\/wp-json\/wp\/v2\/users\/5"}],"replies":[{"embeddable":true,"href":"https:\/\/goodwilloldsite.projectwebtec10.com\/be\/wp-json\/wp\/v2\/comments?post=62298"}],"version-history":[{"count":3,"href":"https:\/\/goodwilloldsite.projectwebtec10.com\/be\/wp-json\/wp\/v2\/posts\/62298\/revisions"}],"predecessor-version":[{"id":62575,"href":"https:\/\/goodwilloldsite.projectwebtec10.com\/be\/wp-json\/wp\/v2\/posts\/62298\/revisions\/62575"}],"wp:featuredmedia":[{"embeddable":true,"href":"https:\/\/goodwilloldsite.projectwebtec10.com\/be\/wp-json\/wp\/v2\/media\/62225"}],"wp:attachment":[{"href":"https:\/\/goodwilloldsite.projectwebtec10.com\/be\/wp-json\/wp\/v2\/media?parent=62298"}],"wp:term":[{"taxonomy":"category","embeddable":true,"href":"https:\/\/goodwilloldsite.projectwebtec10.com\/be\/wp-json\/wp\/v2\/categories?post=62298"},{"taxonomy":"post_tag","embeddable":true,"href":"https:\/\/goodwilloldsite.projectwebtec10.com\/be\/wp-json\/wp\/v2\/tags?post=62298"}],"curies":[{"name":"wp","href":"https:\/\/api.w.org\/{rel}","templated":true}]}}